{"id":40037,"date":"2024-06-24T16:01:00","date_gmt":"2024-06-24T14:01:00","guid":{"rendered":"https:\/\/membrapure.de\/?p=40037"},"modified":"2025-07-02T11:16:40","modified_gmt":"2025-07-02T09:16:40","slug":"foerderung-innovationsfachkraft","status":"publish","type":"post","link":"https:\/\/membrapure.de\/de\/news\/foerderung-innovationsfachkraft\/","title":{"rendered":"\u00a0F\u00f6rderung f\u00fcr eine Innovationsfachkraft (BIF 2022)\u00a0"},"content":{"rendered":"\n<p><img fetchpriority=\"high\" decoding=\"async\" width=\"650\" height=\"251\" class=\"wp-image-40038\" style=\"width: 650px;\" src=\"https:\/\/membrapure.de\/wp-content\/uploads\/2025\/07\/eu-und-land-brandenburg-logo.png\" alt=\"eu-und-land-brandenburg-logo\" srcset=\"https:\/\/membrapure.de\/wp-content\/uploads\/2025\/07\/eu-und-land-brandenburg-logo.png 755w, https:\/\/membrapure.de\/wp-content\/smush-webp\/2025\/07\/eu-und-land-brandenburg-logo-300x116.png.webp 300w\" sizes=\"(max-width: 650px) 100vw, 650px\" data-smush-webp-fallback=\"{&quot;srcset&quot;:&quot;https:\\\/\\\/membrapure.de\\\/wp-content\\\/uploads\\\/2025\\\/07\\\/eu-und-land-brandenburg-logo.png 755w, https:\\\/\\\/membrapure.de\\\/wp-content\\\/uploads\\\/2025\\\/07\\\/eu-und-land-brandenburg-logo-300x116.png 300w&quot;}\" \/><\/p>\n\n\n\n<p>Unser Unternehmen wird durch das Ministerium f\u00fcr Wirtschaft, Arbeit und Energie aus Mitteln des Europ\u00e4ischen Sozialfonds Plus (ESF+) f\u00fcr eine Innovationsfachkraft (BIF 2022)\u00a0 gef\u00f6rdert. Im Projekt geht es um nachhaltige Materialien im Bereich Ionenchromatographie, insbesondere f\u00fcr den Suppressor.<\/p>\n","protected":false},"excerpt":{"rendered":"<p>Unser Unternehmen wird durch das Ministerium f\u00fcr Wirtschaft, Arbeit und Energie aus Mitteln des Europ\u00e4ischen Sozialfonds Plus (ESF+) f\u00fcr eine Innovationsfachkraft (BIF 2022)\u00a0 gef\u00f6rdert. Im Projekt geht es um nachhaltige Materialien im Bereich Ionenchromatographie, insbesondere f\u00fcr den Suppressor.<\/p>\n","protected":false},"author":14,"featured_media":40040,"comment_status":"closed","ping_status":"closed","sticky":false,"template":"","format":"standard","meta":{"wds_primary_category":0,"footnotes":""},"categories":[42],"tags":[],"class_list":["post-40037","post","type-post","status-publish","format-standard","has-post-thumbnail","hentry","category-news"],"rttpg_featured_image_url":{"full":["https:\/\/membrapure.de\/wp-content\/uploads\/2025\/07\/Forderung-fur-eine-Innovationsfachkraft.jpg",1080,1080,false],"landscape":["https:\/\/membrapure.de\/wp-content\/uploads\/2025\/07\/Forderung-fur-eine-Innovationsfachkraft.jpg",1080,1080,false],"portraits":["https:\/\/membrapure.de\/wp-content\/uploads\/2025\/07\/Forderung-fur-eine-Innovationsfachkraft.jpg",1080,1080,false],"thumbnail":["https:\/\/membrapure.de\/wp-content\/uploads\/2025\/07\/Forderung-fur-eine-Innovationsfachkraft-150x150.jpg",150,150,true],"medium":["https:\/\/membrapure.de\/wp-content\/uploads\/2025\/07\/Forderung-fur-eine-Innovationsfachkraft-300x300.jpg",300,300,true],"large":["https:\/\/membrapure.de\/wp-content\/uploads\/2025\/07\/Forderung-fur-eine-Innovationsfachkraft-1024x1024.jpg",800,800,true],"1536x1536":["https:\/\/membrapure.de\/wp-content\/uploads\/2025\/07\/Forderung-fur-eine-Innovationsfachkraft.jpg",1080,1080,false],"2048x2048":["https:\/\/membrapure.de\/wp-content\/uploads\/2025\/07\/Forderung-fur-eine-Innovationsfachkraft.jpg",1080,1080,false],"woocommerce_thumbnail":["https:\/\/membrapure.de\/wp-content\/uploads\/2025\/07\/Forderung-fur-eine-Innovationsfachkraft.jpg",300,300,false],"woocommerce_single":["https:\/\/membrapure.de\/wp-content\/uploads\/2025\/07\/Forderung-fur-eine-Innovationsfachkraft.jpg",600,600,false],"woocommerce_gallery_thumbnail":["https:\/\/membrapure.de\/wp-content\/uploads\/2025\/07\/Forderung-fur-eine-Innovationsfachkraft.jpg",100,100,false]},"rttpg_author":{"display_name":"Corinna Horn","author_link":"https:\/\/membrapure.de\/de\/author\/corinna\/"},"rttpg_comment":0,"rttpg_category":"<a href=\"https:\/\/membrapure.de\/de\/category\/news\/\" rel=\"category tag\">News<\/a>","rttpg_excerpt":"Unser Unternehmen wird durch das Ministerium f\u00fcr Wirtschaft, Arbeit und Energie aus Mitteln des Europ\u00e4ischen Sozialfonds Plus (ESF+) f\u00fcr eine Innovationsfachkraft (BIF 2022)\u00a0 gef\u00f6rdert. Im Projekt geht es um nachhaltige Materialien im Bereich Ionenchromatographie, insbesondere f\u00fcr den Suppressor.","_links":{"self":[{"href":"https:\/\/membrapure.de\/de\/wp-json\/wp\/v2\/posts\/40037","targetHints":{"allow":["GET"]}}],"collection":[{"href":"https:\/\/membrapure.de\/de\/wp-json\/wp\/v2\/posts"}],"about":[{"href":"https:\/\/membrapure.de\/de\/wp-json\/wp\/v2\/types\/post"}],"author":[{"embeddable":true,"href":"https:\/\/membrapure.de\/de\/wp-json\/wp\/v2\/users\/14"}],"replies":[{"embeddable":true,"href":"https:\/\/membrapure.de\/de\/wp-json\/wp\/v2\/comments?post=40037"}],"version-history":[{"count":0,"href":"https:\/\/membrapure.de\/de\/wp-json\/wp\/v2\/posts\/40037\/revisions"}],"wp:featuredmedia":[{"embeddable":true,"href":"https:\/\/membrapure.de\/de\/wp-json\/wp\/v2\/media\/40040"}],"wp:attachment":[{"href":"https:\/\/membrapure.de\/de\/wp-json\/wp\/v2\/media?parent=40037"}],"wp:term":[{"taxonomy":"category","embeddable":true,"href":"https:\/\/membrapure.de\/de\/wp-json\/wp\/v2\/categories?post=40037"},{"taxonomy":"post_tag","embeddable":true,"href":"https:\/\/membrapure.de\/de\/wp-json\/wp\/v2\/tags?post=40037"}],"curies":[{"name":"wp","href":"https:\/\/api.w.org\/{rel}","templated":true}]}}